{"id":1182,"date":"2018-01-11T17:54:07","date_gmt":"2018-01-11T16:54:07","guid":{"rendered":"http:\/\/www.contrammobilita.it\/?p=1182"},"modified":"2018-03-15T12:04:03","modified_gmt":"2018-03-15T11:04:03","slug":"viaggia-autobus-ti-conviene","status":"publish","type":"post","link":"https:\/\/www.contrammobilita.it\/index.php\/viaggia-autobus-ti-conviene\/","title":{"rendered":"Viaggia in autobus, ti conviene!"},"content":{"rendered":"<p><span style=\"color: #000000;\">Dal primo gennaio viaggiare con Contram Mobilit\u00e0 \u00e8 ancora pi\u00f9 conveniente! Con la nuova legge di bilancio sono entrate in vigore alcune novit\u00e0 fiscali che agevoleranno gli utenti che sceglieranno di abbonarsi con noi. <strong>Sar\u00e0 infatti possibile detrarre il 19% del costo sostenuto fino a un massimo di \u20ac250,00 annue<\/strong>.\u00a0Gli abbonamenti possono essere acquistati presso gli uffici della Contram Mobilit\u00e0, presso le nostre rivendite sparse per la provincia di Macerata e parte della provincia di Ancona nelle quali si accettano pagamenti anche tramite POS oppure online accendendo al sito www.contrammobilita.it o anche attraverso la nostra nuova APP Contram Mobilit\u00e0, scaricabile gratuitamente da Google Play.\u00a0Viaggiare in autobus diventa ancora pi\u00f9 conveniente! Per ottenere le ricevute di avvenuto pagamento, basta registrarsi con i propri dati (n\u00b0tessera e password contrammobilit\u00e0, forniti al momento della ricezione della tessera abbonato) su: utenti.contrammobilita.it . Le detrazioni sono valide per gli acquisti effettuati nel 2018.<\/span><\/p>\n","protected":false},"excerpt":{"rendered":"<p>Dal primo gennaio viaggiare con Contram Mobilit\u00e0 \u00e8 ancora pi\u00f9 conveniente! Con la nuova legge di bilancio sono entrate in vigore alcune novit\u00e0 fiscali che agevoleranno gli utenti che sceglieranno di abbonarsi con noi. Sar\u00e0 infatti possibile detrarre il 19% del costo sostenuto fino a un massimo di \u20ac250,00 annue.\u00a0Gli abbonamenti possono essere acquistati presso  [&#8230;]<\/p>\n","protected":false},"author":3,"featured_media":0,"comment_status":"open","ping_status":"open","sticky":false,"template":"","format":"standard","meta":{"footnotes":""},"categories":[1],"tags":[],"class_list":["post-1182","post","type-post","status-publish","format-standard","hentry","category-avvisi"],"yoast_head":"<!-- This site is optimized with the Yoast SEO plugin v27.2 - https:\/\/yoast.com\/product\/yoast-seo-wordpress\/ -->\n<title>Viaggia in autobus, ti conviene! - Contram Mobilit\u00e0<\/title>\n<meta name=\"robots\" content=\"index, follow, max-snippet:-1, max-image-preview:large, max-video-preview:-1\" \/>\n<link rel=\"canonical\" href=\"http:\/\/www.contrammobilita.it\/index.php\/viaggia-autobus-ti-conviene\/\" \/>\n<meta property=\"og:locale\" content=\"it_IT\" \/>\n<meta property=\"og:type\" content=\"article\" \/>\n<meta property=\"og:title\" content=\"Viaggia in autobus, ti conviene! - Contram Mobilit\u00e0\" \/>\n<meta property=\"og:description\" content=\"Dal primo gennaio viaggiare con Contram Mobilit\u00e0 \u00e8 ancora pi\u00f9 conveniente! Con la nuova legge di bilancio sono entrate in vigore alcune novit\u00e0 fiscali che agevoleranno gli utenti che sceglieranno di abbonarsi con noi. Sar\u00e0 infatti possibile detrarre il 19% del costo sostenuto fino a un massimo di \u20ac250,00 annue.\u00a0Gli abbonamenti possono essere acquistati presso [...]\" \/>\n<meta property=\"og:url\" content=\"http:\/\/www.contrammobilita.it\/index.php\/viaggia-autobus-ti-conviene\/\" \/>\n<meta property=\"og:site_name\" content=\"Contram Mobilit\u00e0\" \/>\n<meta property=\"article:published_time\" content=\"2018-01-11T16:54:07+00:00\" \/>\n<meta property=\"article:modified_time\" content=\"2018-03-15T11:04:03+00:00\" \/>\n<meta name=\"author\" content=\"Valentina Gagliardi\" \/>\n<meta name=\"twitter:label1\" content=\"Scritto da\" \/>\n\t<meta name=\"twitter:data1\" content=\"Valentina Gagliardi\" \/>\n\t<meta name=\"twitter:label2\" content=\"Tempo di lettura stimato\" \/>\n\t<meta name=\"twitter:data2\" content=\"1 minuto\" \/>\n<script type=\"application\/ld+json\" class=\"yoast-schema-graph\">{\"@context\":\"https:\/\/schema.org\",\"@graph\":[{\"@type\":\"Article\",\"@id\":\"http:\/\/www.contrammobilita.it\/index.php\/viaggia-autobus-ti-conviene\/#article\",\"isPartOf\":{\"@id\":\"http:\/\/www.contrammobilita.it\/index.php\/viaggia-autobus-ti-conviene\/\"},\"author\":{\"name\":\"Valentina Gagliardi\",\"@id\":\"http:\/\/www.contrammobilita.it\/#\/schema\/person\/7c10c6f648ce15ccf6a1b2311ecad6ac\"},\"headline\":\"Viaggia in autobus, ti conviene!\",\"datePublished\":\"2018-01-11T16:54:07+00:00\",\"dateModified\":\"2018-03-15T11:04:03+00:00\",\"mainEntityOfPage\":{\"@id\":\"http:\/\/www.contrammobilita.it\/index.php\/viaggia-autobus-ti-conviene\/\"},\"wordCount\":155,\"commentCount\":0,\"articleSection\":[\"Avvisi\"],\"inLanguage\":\"it-IT\",\"potentialAction\":[{\"@type\":\"CommentAction\",\"name\":\"Comment\",\"target\":[\"http:\/\/www.contrammobilita.it\/index.php\/viaggia-autobus-ti-conviene\/#respond\"]}]},{\"@type\":\"WebPage\",\"@id\":\"http:\/\/www.contrammobilita.it\/index.php\/viaggia-autobus-ti-conviene\/\",\"url\":\"http:\/\/www.contrammobilita.it\/index.php\/viaggia-autobus-ti-conviene\/\",\"name\":\"Viaggia in autobus, ti conviene! - Contram Mobilit\u00e0\",\"isPartOf\":{\"@id\":\"http:\/\/www.contrammobilita.it\/#website\"},\"datePublished\":\"2018-01-11T16:54:07+00:00\",\"dateModified\":\"2018-03-15T11:04:03+00:00\",\"author\":{\"@id\":\"http:\/\/www.contrammobilita.it\/#\/schema\/person\/7c10c6f648ce15ccf6a1b2311ecad6ac\"},\"breadcrumb\":{\"@id\":\"http:\/\/www.contrammobilita.it\/index.php\/viaggia-autobus-ti-conviene\/#breadcrumb\"},\"inLanguage\":\"it-IT\",\"potentialAction\":[{\"@type\":\"ReadAction\",\"target\":[\"http:\/\/www.contrammobilita.it\/index.php\/viaggia-autobus-ti-conviene\/\"]}]},{\"@type\":\"BreadcrumbList\",\"@id\":\"http:\/\/www.contrammobilita.it\/index.php\/viaggia-autobus-ti-conviene\/#breadcrumb\",\"itemListElement\":[{\"@type\":\"ListItem\",\"position\":1,\"name\":\"Home\",\"item\":\"https:\/\/www.contrammobilita.it\/\"},{\"@type\":\"ListItem\",\"position\":2,\"name\":\"Viaggia in autobus, ti conviene!\"}]},{\"@type\":\"WebSite\",\"@id\":\"http:\/\/www.contrammobilita.it\/#website\",\"url\":\"http:\/\/www.contrammobilita.it\/\",\"name\":\"Contram Mobilit\u00e0\",\"description\":\"Societ\u00e0 di gestione del TPL extraurbano della provincia di Macerata\",\"potentialAction\":[{\"@type\":\"SearchAction\",\"target\":{\"@type\":\"EntryPoint\",\"urlTemplate\":\"http:\/\/www.contrammobilita.it\/?s={search_term_string}\"},\"query-input\":{\"@type\":\"PropertyValueSpecification\",\"valueRequired\":true,\"valueName\":\"search_term_string\"}}],\"inLanguage\":\"it-IT\"},{\"@type\":\"Person\",\"@id\":\"http:\/\/www.contrammobilita.it\/#\/schema\/person\/7c10c6f648ce15ccf6a1b2311ecad6ac\",\"name\":\"Valentina Gagliardi\",\"image\":{\"@type\":\"ImageObject\",\"inLanguage\":\"it-IT\",\"@id\":\"https:\/\/secure.gravatar.com\/avatar\/cad1aa0ab146a896f264bf45f8aab2c60955c1b118c257d376b243975c115e22?s=96&d=mm&r=g\",\"url\":\"https:\/\/secure.gravatar.com\/avatar\/cad1aa0ab146a896f264bf45f8aab2c60955c1b118c257d376b243975c115e22?s=96&d=mm&r=g\",\"contentUrl\":\"https:\/\/secure.gravatar.com\/avatar\/cad1aa0ab146a896f264bf45f8aab2c60955c1b118c257d376b243975c115e22?s=96&d=mm&r=g\",\"caption\":\"Valentina Gagliardi\"},\"sameAs\":[\"http:\/\/www.contrammobilita.it\"],\"url\":\"https:\/\/www.contrammobilita.it\/index.php\/author\/valentina\/\"}]}<\/script>\n<!-- \/ Yoast SEO plugin. -->","yoast_head_json":{"title":"Viaggia in autobus, ti conviene! - Contram Mobilit\u00e0","robots":{"index":"index","follow":"follow","max-snippet":"max-snippet:-1","max-image-preview":"max-image-preview:large","max-video-preview":"max-video-preview:-1"},"canonical":"http:\/\/www.contrammobilita.it\/index.php\/viaggia-autobus-ti-conviene\/","og_locale":"it_IT","og_type":"article","og_title":"Viaggia in autobus, ti conviene! - Contram Mobilit\u00e0","og_description":"Dal primo gennaio viaggiare con Contram Mobilit\u00e0 \u00e8 ancora pi\u00f9 conveniente! Con la nuova legge di bilancio sono entrate in vigore alcune novit\u00e0 fiscali che agevoleranno gli utenti che sceglieranno di abbonarsi con noi. Sar\u00e0 infatti possibile detrarre il 19% del costo sostenuto fino a un massimo di \u20ac250,00 annue.\u00a0Gli abbonamenti possono essere acquistati presso [...]","og_url":"http:\/\/www.contrammobilita.it\/index.php\/viaggia-autobus-ti-conviene\/","og_site_name":"Contram Mobilit\u00e0","article_published_time":"2018-01-11T16:54:07+00:00","article_modified_time":"2018-03-15T11:04:03+00:00","author":"Valentina Gagliardi","twitter_misc":{"Scritto da":"Valentina Gagliardi","Tempo di lettura stimato":"1 minuto"},"schema":{"@context":"https:\/\/schema.org","@graph":[{"@type":"Article","@id":"http:\/\/www.contrammobilita.it\/index.php\/viaggia-autobus-ti-conviene\/#article","isPartOf":{"@id":"http:\/\/www.contrammobilita.it\/index.php\/viaggia-autobus-ti-conviene\/"},"author":{"name":"Valentina Gagliardi","@id":"http:\/\/www.contrammobilita.it\/#\/schema\/person\/7c10c6f648ce15ccf6a1b2311ecad6ac"},"headline":"Viaggia in autobus, ti conviene!","datePublished":"2018-01-11T16:54:07+00:00","dateModified":"2018-03-15T11:04:03+00:00","mainEntityOfPage":{"@id":"http:\/\/www.contrammobilita.it\/index.php\/viaggia-autobus-ti-conviene\/"},"wordCount":155,"commentCount":0,"articleSection":["Avvisi"],"inLanguage":"it-IT","potentialAction":[{"@type":"CommentAction","name":"Comment","target":["http:\/\/www.contrammobilita.it\/index.php\/viaggia-autobus-ti-conviene\/#respond"]}]},{"@type":"WebPage","@id":"http:\/\/www.contrammobilita.it\/index.php\/viaggia-autobus-ti-conviene\/","url":"http:\/\/www.contrammobilita.it\/index.php\/viaggia-autobus-ti-conviene\/","name":"Viaggia in autobus, ti conviene! - Contram Mobilit\u00e0","isPartOf":{"@id":"http:\/\/www.contrammobilita.it\/#website"},"datePublished":"2018-01-11T16:54:07+00:00","dateModified":"2018-03-15T11:04:03+00:00","author":{"@id":"http:\/\/www.contrammobilita.it\/#\/schema\/person\/7c10c6f648ce15ccf6a1b2311ecad6ac"},"breadcrumb":{"@id":"http:\/\/www.contrammobilita.it\/index.php\/viaggia-autobus-ti-conviene\/#breadcrumb"},"inLanguage":"it-IT","potentialAction":[{"@type":"ReadAction","target":["http:\/\/www.contrammobilita.it\/index.php\/viaggia-autobus-ti-conviene\/"]}]},{"@type":"BreadcrumbList","@id":"http:\/\/www.contrammobilita.it\/index.php\/viaggia-autobus-ti-conviene\/#breadcrumb","itemListElement":[{"@type":"ListItem","position":1,"name":"Home","item":"https:\/\/www.contrammobilita.it\/"},{"@type":"ListItem","position":2,"name":"Viaggia in autobus, ti conviene!"}]},{"@type":"WebSite","@id":"http:\/\/www.contrammobilita.it\/#website","url":"http:\/\/www.contrammobilita.it\/","name":"Contram Mobilit\u00e0","description":"Societ\u00e0 di gestione del TPL extraurbano della provincia di Macerata","potentialAction":[{"@type":"SearchAction","target":{"@type":"EntryPoint","urlTemplate":"http:\/\/www.contrammobilita.it\/?s={search_term_string}"},"query-input":{"@type":"PropertyValueSpecification","valueRequired":true,"valueName":"search_term_string"}}],"inLanguage":"it-IT"},{"@type":"Person","@id":"http:\/\/www.contrammobilita.it\/#\/schema\/person\/7c10c6f648ce15ccf6a1b2311ecad6ac","name":"Valentina Gagliardi","image":{"@type":"ImageObject","inLanguage":"it-IT","@id":"https:\/\/secure.gravatar.com\/avatar\/cad1aa0ab146a896f264bf45f8aab2c60955c1b118c257d376b243975c115e22?s=96&d=mm&r=g","url":"https:\/\/secure.gravatar.com\/avatar\/cad1aa0ab146a896f264bf45f8aab2c60955c1b118c257d376b243975c115e22?s=96&d=mm&r=g","contentUrl":"https:\/\/secure.gravatar.com\/avatar\/cad1aa0ab146a896f264bf45f8aab2c60955c1b118c257d376b243975c115e22?s=96&d=mm&r=g","caption":"Valentina Gagliardi"},"sameAs":["http:\/\/www.contrammobilita.it"],"url":"https:\/\/www.contrammobilita.it\/index.php\/author\/valentina\/"}]}},"publishpress_future_action":{"enabled":false,"date":"2026-05-04 18:00:48","action":"change-status","newStatus":"draft","terms":[],"taxonomy":"category","extraData":[]},"publishpress_future_workflow_manual_trigger":{"enabledWorkflows":[]},"_links":{"self":[{"href":"https:\/\/www.contrammobilita.it\/index.php\/wp-json\/wp\/v2\/posts\/1182","targetHints":{"allow":["GET"]}}],"collection":[{"href":"https:\/\/www.contrammobilita.it\/index.php\/wp-json\/wp\/v2\/posts"}],"about":[{"href":"https:\/\/www.contrammobilita.it\/index.php\/wp-json\/wp\/v2\/types\/post"}],"author":[{"embeddable":true,"href":"https:\/\/www.contrammobilita.it\/index.php\/wp-json\/wp\/v2\/users\/3"}],"replies":[{"embeddable":true,"href":"https:\/\/www.contrammobilita.it\/index.php\/wp-json\/wp\/v2\/comments?post=1182"}],"version-history":[{"count":3,"href":"https:\/\/www.contrammobilita.it\/index.php\/wp-json\/wp\/v2\/posts\/1182\/revisions"}],"predecessor-version":[{"id":1214,"href":"https:\/\/www.contrammobilita.it\/index.php\/wp-json\/wp\/v2\/posts\/1182\/revisions\/1214"}],"wp:attachment":[{"href":"https:\/\/www.contrammobilita.it\/index.php\/wp-json\/wp\/v2\/media?parent=1182"}],"wp:term":[{"taxonomy":"category","embeddable":true,"href":"https:\/\/www.contrammobilita.it\/index.php\/wp-json\/wp\/v2\/categories?post=1182"},{"taxonomy":"post_tag","embeddable":true,"href":"https:\/\/www.contrammobilita.it\/index.php\/wp-json\/wp\/v2\/tags?post=1182"}],"curies":[{"name":"wp","href":"https:\/\/api.w.org\/{rel}","templated":true}]}}