{"id":1426,"date":"2019-01-12T11:35:42","date_gmt":"2019-01-12T10:35:42","guid":{"rendered":"https:\/\/www.contrammobilita.it\/?p=1426"},"modified":"2019-01-12T11:35:42","modified_gmt":"2019-01-12T10:35:42","slug":"rinnovo-abbonamenti-2019","status":"publish","type":"post","link":"https:\/\/www.contrammobilita.it\/index.php\/rinnovo-abbonamenti-2019\/","title":{"rendered":"Rinnovo abbonamenti 2019"},"content":{"rendered":"<p><span style=\"color: #000000;\">Sali a Bordo, Contram Mobilit\u00e0 ti porta a Scuola! Attivo il RINNOVO degli abbonamenti scolastici Contram Mobilit\u00e0! Gli utenti hanno diverse possibilit\u00e0 per l&#8217;acquisto:\u00a0se gi\u00e0 in possesso di tesserino possono recarsi presso una delle tante <strong>rivendite<\/strong> accreditate in tutto il territorio (<a style=\"color: #000000;\" href=\"https:\/\/www.contram.it\/wp-content\/uploads\/2018\/08\/INDICE-RIVENDITE-01-09-2018.pdf\">qui l&#8217;elenco completo<\/a>) per acquistare abbonamento mensile o biglietti e carnet.\u00a0Sempre attiva la <strong>vendita on-line,<\/strong>\u00a0su\u00a0<strong>www.contrammobilita.it<\/strong>.\u00a0<\/span><span style=\"color: #000000;\">Ricorda<strong> l&#8217;app Contrammobilit\u00e0<\/strong>, utilissima per fare i rinnovi degli abbonamenti e scaricabile gratuitamente su Google Play e App Apple store!<\/span><a style=\"color: #000000;\" href=\"http:\/\/www.contram.it\/index.php\/2017\/08\/28\/app-contrammobilita\/\">\u00a0(qui tutte le info sull&#8217;APP Contrammobilit\u00e0)<\/a><span style=\"color: #000000;\"> .\u00a0<\/span><\/p>\n<p><span style=\"color: #000000;\">Rivendite Uffici\u00a0<strong>CONTRAMMOBILITA<\/strong>:\u00a0<\/span><\/p>\n<p><span style=\"color: #000000;\"><strong>Apiro<\/strong><strong>\u00a0&#8211;<\/strong> S.a.s.a. 2 S.p.a.\u00a0 P.le C. Battisti 1 \u2013 Tel. 0733-611128<\/span><\/p>\n<p><span style=\"color: #000000;\"><strong>Camerino<\/strong>\u00a0via le Mosse 19, 0737\/6340216-228 \u2013 8,00 \u2013 13,30 dal Lun al Sab e 15,00 \u2013 18,00 Venerd\u00ec<\/span><\/p>\n<p><span style=\"color: #000000;\"><strong>Castelraimondo<\/strong>\u00a0p.le della Vittoria 3, 0737\/642790 \u2013 8,15 \u2013 13,15 dal lun al ven e 15,30 \u2013 18,00 Mar, Mer e Gio<\/span><\/p>\n<p><span style=\"color: #000000;\"><strong>Cingoli<\/strong><strong>\u00a0&#8211;<\/strong> Autolinee\u00a0Crognaletti S.r.l.\u00a0 Via S.Giuseppe 59 \u2013 Tel. 0733-602352\/602323<\/span><\/p>\n<p><span style=\"color: #000000;\"><strong>Macerata<\/strong>\u00a0Terminal Bus \u2013 Orario 6:30 \u2013 19:30\u00a0 tel.: 0733\/230875.<\/span><\/p>\n<p><span style=\"color: #000000;\"><strong>Montegiorgio<\/strong><strong>&#8211;<\/strong> Autoservizi Portesi S.r.l. \u2013\u00a0Via Rossini 1 \u2013 Tel. 0734-962031<\/span><\/p>\n<p><span style=\"color: #000000;\"><strong>Jesi<\/strong><strong>\u00a0&#8211;<\/strong> Autolinee\u00a0Crognaletti S.r.l.\u00a0 Via Staffolo, 5 \u2013 Tel 0731\/200314<\/span><\/p>\n<p><span style=\"color: #000000;\"><strong>Potenza<\/strong><strong> Picena<\/strong>\u00a0&#8211; S.a.p. S.r.l. \u2013<strong>\u00a0<\/strong>Via XXV Aprile \u2013 Tel. 0733-671222<\/span><\/p>\n<p><span style=\"color: #000000;\">Ricorda che \u00e8<strong>\u00a0possibile detrarre il 19% del costo sostenuto fino a un massimo di \u20ac250,00 annue<\/strong>. Se non hai conservato le ricevute di acquisto, torna in rivendita e rifai la stampa oppure basta registrarsi con i propri dati (n\u00b0tessera e password contrammobilit\u00e0, forniti al momento della ricezione della tessera abbonato) su: utenti.contrammobilita.it\u00a0 e seguire la procedura. <strong>Le ricevute devono essere conservate per la dichiarazione dei redditi.\u00a0\u00a0<\/strong><\/span><span style=\"color: #000000;\">(Le detrazioni per gli acquisti effettuati nel 2019 saranno detraibili nel 2020).<\/span><\/p>\n","protected":false},"excerpt":{"rendered":"<p>Sali a Bordo, Contram Mobilit\u00e0 ti porta a Scuola! Attivo il RINNOVO degli abbonamenti scolastici Contram Mobilit\u00e0! Gli utenti hanno diverse possibilit\u00e0 per l&#8217;acquisto:\u00a0se gi\u00e0 in possesso di tesserino possono recarsi presso una delle tante rivendite accreditate in tutto il territorio (qui l&#8217;elenco completo) per acquistare abbonamento mensile o biglietti e carnet.\u00a0Sempre attiva la vendita  [&#8230;]<\/p>\n","protected":false},"author":3,"featured_media":1425,"comment_status":"open","ping_status":"open","sticky":false,"template":"","format":"standard","meta":{"footnotes":""},"categories":[1],"tags":[],"class_list":["post-1426","post","type-post","status-publish","format-standard","has-post-thumbnail","hentry","category-avvisi"],"yoast_head":"<!-- This site is optimized with the Yoast SEO plugin v27.2 - https:\/\/yoast.com\/product\/yoast-seo-wordpress\/ -->\n<title>Rinnovo abbonamenti 2019 - Contram Mobilit\u00e0<\/title>\n<meta name=\"robots\" content=\"index, follow, max-snippet:-1, max-image-preview:large, max-video-preview:-1\" \/>\n<link rel=\"canonical\" href=\"http:\/\/www.contrammobilita.it\/index.php\/rinnovo-abbonamenti-2019\/\" \/>\n<meta property=\"og:locale\" content=\"it_IT\" \/>\n<meta property=\"og:type\" content=\"article\" \/>\n<meta property=\"og:title\" content=\"Rinnovo abbonamenti 2019 - Contram Mobilit\u00e0\" \/>\n<meta property=\"og:description\" content=\"Sali a Bordo, Contram Mobilit\u00e0 ti porta a Scuola! Attivo il RINNOVO degli abbonamenti scolastici Contram Mobilit\u00e0! Gli utenti hanno diverse possibilit\u00e0 per l&#8217;acquisto:\u00a0se gi\u00e0 in possesso di tesserino possono recarsi presso una delle tante rivendite accreditate in tutto il territorio (qui l&#8217;elenco completo) per acquistare abbonamento mensile o biglietti e carnet.\u00a0Sempre attiva la vendita [...]\" \/>\n<meta property=\"og:url\" content=\"http:\/\/www.contrammobilita.it\/index.php\/rinnovo-abbonamenti-2019\/\" \/>\n<meta property=\"og:site_name\" content=\"Contram Mobilit\u00e0\" \/>\n<meta property=\"article:published_time\" content=\"2019-01-12T10:35:42+00:00\" \/>\n<meta property=\"og:image\" content=\"http:\/\/www.contrammobilita.it\/wp-content\/uploads\/2019\/01\/RINNOVO-ABBONAMENTI-LAYER-SLYDER-2019.jpg\" \/>\n\t<meta property=\"og:image:width\" content=\"850\" \/>\n\t<meta property=\"og:image:height\" content=\"350\" \/>\n\t<meta property=\"og:image:type\" content=\"image\/jpeg\" \/>\n<meta name=\"author\" content=\"Valentina Gagliardi\" \/>\n<meta name=\"twitter:label1\" content=\"Scritto da\" \/>\n\t<meta name=\"twitter:data1\" content=\"Valentina Gagliardi\" \/>\n\t<meta name=\"twitter:label2\" content=\"Tempo di lettura stimato\" \/>\n\t<meta name=\"twitter:data2\" content=\"1 minuto\" \/>\n<script type=\"application\/ld+json\" class=\"yoast-schema-graph\">{\"@context\":\"https:\/\/schema.org\",\"@graph\":[{\"@type\":\"Article\",\"@id\":\"http:\/\/www.contrammobilita.it\/index.php\/rinnovo-abbonamenti-2019\/#article\",\"isPartOf\":{\"@id\":\"http:\/\/www.contrammobilita.it\/index.php\/rinnovo-abbonamenti-2019\/\"},\"author\":{\"name\":\"Valentina Gagliardi\",\"@id\":\"http:\/\/www.contrammobilita.it\/#\/schema\/person\/7c10c6f648ce15ccf6a1b2311ecad6ac\"},\"headline\":\"Rinnovo abbonamenti 2019\",\"datePublished\":\"2019-01-12T10:35:42+00:00\",\"mainEntityOfPage\":{\"@id\":\"http:\/\/www.contrammobilita.it\/index.php\/rinnovo-abbonamenti-2019\/\"},\"wordCount\":266,\"commentCount\":0,\"image\":{\"@id\":\"http:\/\/www.contrammobilita.it\/index.php\/rinnovo-abbonamenti-2019\/#primaryimage\"},\"thumbnailUrl\":\"https:\/\/www.contrammobilita.it\/wp-content\/uploads\/2019\/01\/RINNOVO-ABBONAMENTI-LAYER-SLYDER-2019.jpg\",\"articleSection\":[\"Avvisi\"],\"inLanguage\":\"it-IT\",\"potentialAction\":[{\"@type\":\"CommentAction\",\"name\":\"Comment\",\"target\":[\"http:\/\/www.contrammobilita.it\/index.php\/rinnovo-abbonamenti-2019\/#respond\"]}]},{\"@type\":\"WebPage\",\"@id\":\"http:\/\/www.contrammobilita.it\/index.php\/rinnovo-abbonamenti-2019\/\",\"url\":\"http:\/\/www.contrammobilita.it\/index.php\/rinnovo-abbonamenti-2019\/\",\"name\":\"Rinnovo abbonamenti 2019 - Contram Mobilit\u00e0\",\"isPartOf\":{\"@id\":\"http:\/\/www.contrammobilita.it\/#website\"},\"primaryImageOfPage\":{\"@id\":\"http:\/\/www.contrammobilita.it\/index.php\/rinnovo-abbonamenti-2019\/#primaryimage\"},\"image\":{\"@id\":\"http:\/\/www.contrammobilita.it\/index.php\/rinnovo-abbonamenti-2019\/#primaryimage\"},\"thumbnailUrl\":\"https:\/\/www.contrammobilita.it\/wp-content\/uploads\/2019\/01\/RINNOVO-ABBONAMENTI-LAYER-SLYDER-2019.jpg\",\"datePublished\":\"2019-01-12T10:35:42+00:00\",\"author\":{\"@id\":\"http:\/\/www.contrammobilita.it\/#\/schema\/person\/7c10c6f648ce15ccf6a1b2311ecad6ac\"},\"breadcrumb\":{\"@id\":\"http:\/\/www.contrammobilita.it\/index.php\/rinnovo-abbonamenti-2019\/#breadcrumb\"},\"inLanguage\":\"it-IT\",\"potentialAction\":[{\"@type\":\"ReadAction\",\"target\":[\"http:\/\/www.contrammobilita.it\/index.php\/rinnovo-abbonamenti-2019\/\"]}]},{\"@type\":\"ImageObject\",\"inLanguage\":\"it-IT\",\"@id\":\"http:\/\/www.contrammobilita.it\/index.php\/rinnovo-abbonamenti-2019\/#primaryimage\",\"url\":\"https:\/\/www.contrammobilita.it\/wp-content\/uploads\/2019\/01\/RINNOVO-ABBONAMENTI-LAYER-SLYDER-2019.jpg\",\"contentUrl\":\"https:\/\/www.contrammobilita.it\/wp-content\/uploads\/2019\/01\/RINNOVO-ABBONAMENTI-LAYER-SLYDER-2019.jpg\",\"width\":850,\"height\":350},{\"@type\":\"BreadcrumbList\",\"@id\":\"http:\/\/www.contrammobilita.it\/index.php\/rinnovo-abbonamenti-2019\/#breadcrumb\",\"itemListElement\":[{\"@type\":\"ListItem\",\"position\":1,\"name\":\"Home\",\"item\":\"https:\/\/www.contrammobilita.it\/\"},{\"@type\":\"ListItem\",\"position\":2,\"name\":\"Rinnovo abbonamenti 2019\"}]},{\"@type\":\"WebSite\",\"@id\":\"http:\/\/www.contrammobilita.it\/#website\",\"url\":\"http:\/\/www.contrammobilita.it\/\",\"name\":\"Contram Mobilit\u00e0\",\"description\":\"Societ\u00e0 di gestione del TPL extraurbano della provincia di Macerata\",\"potentialAction\":[{\"@type\":\"SearchAction\",\"target\":{\"@type\":\"EntryPoint\",\"urlTemplate\":\"http:\/\/www.contrammobilita.it\/?s={search_term_string}\"},\"query-input\":{\"@type\":\"PropertyValueSpecification\",\"valueRequired\":true,\"valueName\":\"search_term_string\"}}],\"inLanguage\":\"it-IT\"},{\"@type\":\"Person\",\"@id\":\"http:\/\/www.contrammobilita.it\/#\/schema\/person\/7c10c6f648ce15ccf6a1b2311ecad6ac\",\"name\":\"Valentina Gagliardi\",\"image\":{\"@type\":\"ImageObject\",\"inLanguage\":\"it-IT\",\"@id\":\"https:\/\/secure.gravatar.com\/avatar\/cad1aa0ab146a896f264bf45f8aab2c60955c1b118c257d376b243975c115e22?s=96&d=mm&r=g\",\"url\":\"https:\/\/secure.gravatar.com\/avatar\/cad1aa0ab146a896f264bf45f8aab2c60955c1b118c257d376b243975c115e22?s=96&d=mm&r=g\",\"contentUrl\":\"https:\/\/secure.gravatar.com\/avatar\/cad1aa0ab146a896f264bf45f8aab2c60955c1b118c257d376b243975c115e22?s=96&d=mm&r=g\",\"caption\":\"Valentina Gagliardi\"},\"sameAs\":[\"http:\/\/www.contrammobilita.it\"],\"url\":\"https:\/\/www.contrammobilita.it\/index.php\/author\/valentina\/\"}]}<\/script>\n<!-- \/ Yoast SEO plugin. -->","yoast_head_json":{"title":"Rinnovo abbonamenti 2019 - Contram Mobilit\u00e0","robots":{"index":"index","follow":"follow","max-snippet":"max-snippet:-1","max-image-preview":"max-image-preview:large","max-video-preview":"max-video-preview:-1"},"canonical":"http:\/\/www.contrammobilita.it\/index.php\/rinnovo-abbonamenti-2019\/","og_locale":"it_IT","og_type":"article","og_title":"Rinnovo abbonamenti 2019 - Contram Mobilit\u00e0","og_description":"Sali a Bordo, Contram Mobilit\u00e0 ti porta a Scuola! Attivo il RINNOVO degli abbonamenti scolastici Contram Mobilit\u00e0! Gli utenti hanno diverse possibilit\u00e0 per l&#8217;acquisto:\u00a0se gi\u00e0 in possesso di tesserino possono recarsi presso una delle tante rivendite accreditate in tutto il territorio (qui l&#8217;elenco completo) per acquistare abbonamento mensile o biglietti e carnet.\u00a0Sempre attiva la vendita [...]","og_url":"http:\/\/www.contrammobilita.it\/index.php\/rinnovo-abbonamenti-2019\/","og_site_name":"Contram Mobilit\u00e0","article_published_time":"2019-01-12T10:35:42+00:00","og_image":[{"width":850,"height":350,"url":"http:\/\/www.contrammobilita.it\/wp-content\/uploads\/2019\/01\/RINNOVO-ABBONAMENTI-LAYER-SLYDER-2019.jpg","type":"image\/jpeg"}],"author":"Valentina Gagliardi","twitter_misc":{"Scritto da":"Valentina Gagliardi","Tempo di lettura stimato":"1 minuto"},"schema":{"@context":"https:\/\/schema.org","@graph":[{"@type":"Article","@id":"http:\/\/www.contrammobilita.it\/index.php\/rinnovo-abbonamenti-2019\/#article","isPartOf":{"@id":"http:\/\/www.contrammobilita.it\/index.php\/rinnovo-abbonamenti-2019\/"},"author":{"name":"Valentina Gagliardi","@id":"http:\/\/www.contrammobilita.it\/#\/schema\/person\/7c10c6f648ce15ccf6a1b2311ecad6ac"},"headline":"Rinnovo abbonamenti 2019","datePublished":"2019-01-12T10:35:42+00:00","mainEntityOfPage":{"@id":"http:\/\/www.contrammobilita.it\/index.php\/rinnovo-abbonamenti-2019\/"},"wordCount":266,"commentCount":0,"image":{"@id":"http:\/\/www.contrammobilita.it\/index.php\/rinnovo-abbonamenti-2019\/#primaryimage"},"thumbnailUrl":"https:\/\/www.contrammobilita.it\/wp-content\/uploads\/2019\/01\/RINNOVO-ABBONAMENTI-LAYER-SLYDER-2019.jpg","articleSection":["Avvisi"],"inLanguage":"it-IT","potentialAction":[{"@type":"CommentAction","name":"Comment","target":["http:\/\/www.contrammobilita.it\/index.php\/rinnovo-abbonamenti-2019\/#respond"]}]},{"@type":"WebPage","@id":"http:\/\/www.contrammobilita.it\/index.php\/rinnovo-abbonamenti-2019\/","url":"http:\/\/www.contrammobilita.it\/index.php\/rinnovo-abbonamenti-2019\/","name":"Rinnovo abbonamenti 2019 - Contram Mobilit\u00e0","isPartOf":{"@id":"http:\/\/www.contrammobilita.it\/#website"},"primaryImageOfPage":{"@id":"http:\/\/www.contrammobilita.it\/index.php\/rinnovo-abbonamenti-2019\/#primaryimage"},"image":{"@id":"http:\/\/www.contrammobilita.it\/index.php\/rinnovo-abbonamenti-2019\/#primaryimage"},"thumbnailUrl":"https:\/\/www.contrammobilita.it\/wp-content\/uploads\/2019\/01\/RINNOVO-ABBONAMENTI-LAYER-SLYDER-2019.jpg","datePublished":"2019-01-12T10:35:42+00:00","author":{"@id":"http:\/\/www.contrammobilita.it\/#\/schema\/person\/7c10c6f648ce15ccf6a1b2311ecad6ac"},"breadcrumb":{"@id":"http:\/\/www.contrammobilita.it\/index.php\/rinnovo-abbonamenti-2019\/#breadcrumb"},"inLanguage":"it-IT","potentialAction":[{"@type":"ReadAction","target":["http:\/\/www.contrammobilita.it\/index.php\/rinnovo-abbonamenti-2019\/"]}]},{"@type":"ImageObject","inLanguage":"it-IT","@id":"http:\/\/www.contrammobilita.it\/index.php\/rinnovo-abbonamenti-2019\/#primaryimage","url":"https:\/\/www.contrammobilita.it\/wp-content\/uploads\/2019\/01\/RINNOVO-ABBONAMENTI-LAYER-SLYDER-2019.jpg","contentUrl":"https:\/\/www.contrammobilita.it\/wp-content\/uploads\/2019\/01\/RINNOVO-ABBONAMENTI-LAYER-SLYDER-2019.jpg","width":850,"height":350},{"@type":"BreadcrumbList","@id":"http:\/\/www.contrammobilita.it\/index.php\/rinnovo-abbonamenti-2019\/#breadcrumb","itemListElement":[{"@type":"ListItem","position":1,"name":"Home","item":"https:\/\/www.contrammobilita.it\/"},{"@type":"ListItem","position":2,"name":"Rinnovo abbonamenti 2019"}]},{"@type":"WebSite","@id":"http:\/\/www.contrammobilita.it\/#website","url":"http:\/\/www.contrammobilita.it\/","name":"Contram Mobilit\u00e0","description":"Societ\u00e0 di gestione del TPL extraurbano della provincia di Macerata","potentialAction":[{"@type":"SearchAction","target":{"@type":"EntryPoint","urlTemplate":"http:\/\/www.contrammobilita.it\/?s={search_term_string}"},"query-input":{"@type":"PropertyValueSpecification","valueRequired":true,"valueName":"search_term_string"}}],"inLanguage":"it-IT"},{"@type":"Person","@id":"http:\/\/www.contrammobilita.it\/#\/schema\/person\/7c10c6f648ce15ccf6a1b2311ecad6ac","name":"Valentina Gagliardi","image":{"@type":"ImageObject","inLanguage":"it-IT","@id":"https:\/\/secure.gravatar.com\/avatar\/cad1aa0ab146a896f264bf45f8aab2c60955c1b118c257d376b243975c115e22?s=96&d=mm&r=g","url":"https:\/\/secure.gravatar.com\/avatar\/cad1aa0ab146a896f264bf45f8aab2c60955c1b118c257d376b243975c115e22?s=96&d=mm&r=g","contentUrl":"https:\/\/secure.gravatar.com\/avatar\/cad1aa0ab146a896f264bf45f8aab2c60955c1b118c257d376b243975c115e22?s=96&d=mm&r=g","caption":"Valentina Gagliardi"},"sameAs":["http:\/\/www.contrammobilita.it"],"url":"https:\/\/www.contrammobilita.it\/index.php\/author\/valentina\/"}]}},"publishpress_future_action":{"enabled":false,"date":"2026-05-04 16:44:14","action":"change-status","newStatus":"draft","terms":[],"taxonomy":"category","extraData":[]},"publishpress_future_workflow_manual_trigger":{"enabledWorkflows":[]},"_links":{"self":[{"href":"https:\/\/www.contrammobilita.it\/index.php\/wp-json\/wp\/v2\/posts\/1426","targetHints":{"allow":["GET"]}}],"collection":[{"href":"https:\/\/www.contrammobilita.it\/index.php\/wp-json\/wp\/v2\/posts"}],"about":[{"href":"https:\/\/www.contrammobilita.it\/index.php\/wp-json\/wp\/v2\/types\/post"}],"author":[{"embeddable":true,"href":"https:\/\/www.contrammobilita.it\/index.php\/wp-json\/wp\/v2\/users\/3"}],"replies":[{"embeddable":true,"href":"https:\/\/www.contrammobilita.it\/index.php\/wp-json\/wp\/v2\/comments?post=1426"}],"version-history":[{"count":1,"href":"https:\/\/www.contrammobilita.it\/index.php\/wp-json\/wp\/v2\/posts\/1426\/revisions"}],"predecessor-version":[{"id":1427,"href":"https:\/\/www.contrammobilita.it\/index.php\/wp-json\/wp\/v2\/posts\/1426\/revisions\/1427"}],"wp:featuredmedia":[{"embeddable":true,"href":"https:\/\/www.contrammobilita.it\/index.php\/wp-json\/wp\/v2\/media\/1425"}],"wp:attachment":[{"href":"https:\/\/www.contrammobilita.it\/index.php\/wp-json\/wp\/v2\/media?parent=1426"}],"wp:term":[{"taxonomy":"category","embeddable":true,"href":"https:\/\/www.contrammobilita.it\/index.php\/wp-json\/wp\/v2\/categories?post=1426"},{"taxonomy":"post_tag","embeddable":true,"href":"https:\/\/www.contrammobilita.it\/index.php\/wp-json\/wp\/v2\/tags?post=1426"}],"curies":[{"name":"wp","href":"https:\/\/api.w.org\/{rel}","templated":true}]}}