{"id":1476,"date":"2019-07-17T11:41:59","date_gmt":"2019-07-17T09:41:59","guid":{"rendered":"https:\/\/www.contrammobilita.it\/?p=1476"},"modified":"2019-07-17T11:41:59","modified_gmt":"2019-07-17T09:41:59","slug":"corsa-estiva-porto-recanati-recanati","status":"publish","type":"post","link":"https:\/\/www.contrammobilita.it\/index.php\/corsa-estiva-porto-recanati-recanati\/","title":{"rendered":"Corsa Estiva Porto Recanati &#8211; Recanati"},"content":{"rendered":"<p><span style=\"color: #000000;\">L&#8217;amministrazione Comunale di Recanati e la Contrammobilit\u00e0 avvisano gli utenti dell&#8217;attivazione della linea estiva festiva Porto Recanati &#8211; Recanati. La linea \u00e8 attiva tutte le domeniche dal 14 luglio fino al 25 agosto compreso il 15 agosto. Gli orari:\u00a0<\/span><\/p>\n<p><span style=\"color: #000000;\">Recanati\/Porto Recanati: partenze ore 09:05 e 14:45 ;\u00a0Porto Recanati\/Recanati: partenze ore 13:05 e 19:02<\/span><\/p>\n","protected":false},"excerpt":{"rendered":"<p>L&#8217;amministrazione Comunale di Recanati e la Contrammobilit\u00e0 avvisano gli utenti dell&#8217;attivazione della linea estiva festiva Porto Recanati &#8211; Recanati. La linea \u00e8 attiva tutte le domeniche dal 14 luglio fino al 25 agosto compreso il 15 agosto. Gli orari:\u00a0 Recanati\/Porto Recanati: partenze ore 09:05 e 14:45 ;\u00a0Porto Recanati\/Recanati: partenze ore 13:05 e 19:02<\/p>\n","protected":false},"author":3,"featured_media":0,"comment_status":"open","ping_status":"open","sticky":false,"template":"","format":"standard","meta":{"footnotes":""},"categories":[1],"tags":[],"class_list":["post-1476","post","type-post","status-publish","format-standard","hentry","category-avvisi"],"yoast_head":"<!-- This site is optimized with the Yoast SEO plugin v27.2 - https:\/\/yoast.com\/product\/yoast-seo-wordpress\/ -->\n<title>Corsa Estiva Porto Recanati - Recanati - Contram Mobilit\u00e0<\/title>\n<meta name=\"robots\" content=\"index, follow, max-snippet:-1, max-image-preview:large, max-video-preview:-1\" \/>\n<link rel=\"canonical\" href=\"http:\/\/www.contrammobilita.it\/index.php\/corsa-estiva-porto-recanati-recanati\/\" \/>\n<meta property=\"og:locale\" content=\"it_IT\" \/>\n<meta property=\"og:type\" content=\"article\" \/>\n<meta property=\"og:title\" content=\"Corsa Estiva Porto Recanati - Recanati - Contram Mobilit\u00e0\" \/>\n<meta property=\"og:description\" content=\"L&#8217;amministrazione Comunale di Recanati e la Contrammobilit\u00e0 avvisano gli utenti dell&#8217;attivazione della linea estiva festiva Porto Recanati &#8211; Recanati. La linea \u00e8 attiva tutte le domeniche dal 14 luglio fino al 25 agosto compreso il 15 agosto. Gli orari:\u00a0 Recanati\/Porto Recanati: partenze ore 09:05 e 14:45 ;\u00a0Porto Recanati\/Recanati: partenze ore 13:05 e 19:02\" \/>\n<meta property=\"og:url\" content=\"http:\/\/www.contrammobilita.it\/index.php\/corsa-estiva-porto-recanati-recanati\/\" \/>\n<meta property=\"og:site_name\" content=\"Contram Mobilit\u00e0\" \/>\n<meta property=\"article:published_time\" content=\"2019-07-17T09:41:59+00:00\" \/>\n<meta name=\"author\" content=\"Valentina Gagliardi\" \/>\n<meta name=\"twitter:label1\" content=\"Scritto da\" \/>\n\t<meta name=\"twitter:data1\" content=\"Valentina Gagliardi\" \/>\n<script type=\"application\/ld+json\" class=\"yoast-schema-graph\">{\"@context\":\"https:\/\/schema.org\",\"@graph\":[{\"@type\":\"Article\",\"@id\":\"http:\/\/www.contrammobilita.it\/index.php\/corsa-estiva-porto-recanati-recanati\/#article\",\"isPartOf\":{\"@id\":\"http:\/\/www.contrammobilita.it\/index.php\/corsa-estiva-porto-recanati-recanati\/\"},\"author\":{\"name\":\"Valentina Gagliardi\",\"@id\":\"http:\/\/www.contrammobilita.it\/#\/schema\/person\/7c10c6f648ce15ccf6a1b2311ecad6ac\"},\"headline\":\"Corsa Estiva Porto Recanati &#8211; Recanati\",\"datePublished\":\"2019-07-17T09:41:59+00:00\",\"mainEntityOfPage\":{\"@id\":\"http:\/\/www.contrammobilita.it\/index.php\/corsa-estiva-porto-recanati-recanati\/\"},\"wordCount\":55,\"commentCount\":0,\"articleSection\":[\"Avvisi\"],\"inLanguage\":\"it-IT\",\"potentialAction\":[{\"@type\":\"CommentAction\",\"name\":\"Comment\",\"target\":[\"http:\/\/www.contrammobilita.it\/index.php\/corsa-estiva-porto-recanati-recanati\/#respond\"]}]},{\"@type\":\"WebPage\",\"@id\":\"http:\/\/www.contrammobilita.it\/index.php\/corsa-estiva-porto-recanati-recanati\/\",\"url\":\"http:\/\/www.contrammobilita.it\/index.php\/corsa-estiva-porto-recanati-recanati\/\",\"name\":\"Corsa Estiva Porto Recanati - Recanati - Contram Mobilit\u00e0\",\"isPartOf\":{\"@id\":\"http:\/\/www.contrammobilita.it\/#website\"},\"datePublished\":\"2019-07-17T09:41:59+00:00\",\"author\":{\"@id\":\"http:\/\/www.contrammobilita.it\/#\/schema\/person\/7c10c6f648ce15ccf6a1b2311ecad6ac\"},\"breadcrumb\":{\"@id\":\"http:\/\/www.contrammobilita.it\/index.php\/corsa-estiva-porto-recanati-recanati\/#breadcrumb\"},\"inLanguage\":\"it-IT\",\"potentialAction\":[{\"@type\":\"ReadAction\",\"target\":[\"http:\/\/www.contrammobilita.it\/index.php\/corsa-estiva-porto-recanati-recanati\/\"]}]},{\"@type\":\"BreadcrumbList\",\"@id\":\"http:\/\/www.contrammobilita.it\/index.php\/corsa-estiva-porto-recanati-recanati\/#breadcrumb\",\"itemListElement\":[{\"@type\":\"ListItem\",\"position\":1,\"name\":\"Home\",\"item\":\"https:\/\/www.contrammobilita.it\/\"},{\"@type\":\"ListItem\",\"position\":2,\"name\":\"Corsa Estiva Porto Recanati &#8211; Recanati\"}]},{\"@type\":\"WebSite\",\"@id\":\"http:\/\/www.contrammobilita.it\/#website\",\"url\":\"http:\/\/www.contrammobilita.it\/\",\"name\":\"Contram Mobilit\u00e0\",\"description\":\"Societ\u00e0 di gestione del TPL extraurbano della provincia di Macerata\",\"potentialAction\":[{\"@type\":\"SearchAction\",\"target\":{\"@type\":\"EntryPoint\",\"urlTemplate\":\"http:\/\/www.contrammobilita.it\/?s={search_term_string}\"},\"query-input\":{\"@type\":\"PropertyValueSpecification\",\"valueRequired\":true,\"valueName\":\"search_term_string\"}}],\"inLanguage\":\"it-IT\"},{\"@type\":\"Person\",\"@id\":\"http:\/\/www.contrammobilita.it\/#\/schema\/person\/7c10c6f648ce15ccf6a1b2311ecad6ac\",\"name\":\"Valentina Gagliardi\",\"image\":{\"@type\":\"ImageObject\",\"inLanguage\":\"it-IT\",\"@id\":\"https:\/\/secure.gravatar.com\/avatar\/cad1aa0ab146a896f264bf45f8aab2c60955c1b118c257d376b243975c115e22?s=96&d=mm&r=g\",\"url\":\"https:\/\/secure.gravatar.com\/avatar\/cad1aa0ab146a896f264bf45f8aab2c60955c1b118c257d376b243975c115e22?s=96&d=mm&r=g\",\"contentUrl\":\"https:\/\/secure.gravatar.com\/avatar\/cad1aa0ab146a896f264bf45f8aab2c60955c1b118c257d376b243975c115e22?s=96&d=mm&r=g\",\"caption\":\"Valentina Gagliardi\"},\"sameAs\":[\"http:\/\/www.contrammobilita.it\"],\"url\":\"https:\/\/www.contrammobilita.it\/index.php\/author\/valentina\/\"}]}<\/script>\n<!-- \/ Yoast SEO plugin. -->","yoast_head_json":{"title":"Corsa Estiva Porto Recanati - Recanati - Contram Mobilit\u00e0","robots":{"index":"index","follow":"follow","max-snippet":"max-snippet:-1","max-image-preview":"max-image-preview:large","max-video-preview":"max-video-preview:-1"},"canonical":"http:\/\/www.contrammobilita.it\/index.php\/corsa-estiva-porto-recanati-recanati\/","og_locale":"it_IT","og_type":"article","og_title":"Corsa Estiva Porto Recanati - Recanati - Contram Mobilit\u00e0","og_description":"L&#8217;amministrazione Comunale di Recanati e la Contrammobilit\u00e0 avvisano gli utenti dell&#8217;attivazione della linea estiva festiva Porto Recanati &#8211; Recanati. La linea \u00e8 attiva tutte le domeniche dal 14 luglio fino al 25 agosto compreso il 15 agosto. Gli orari:\u00a0 Recanati\/Porto Recanati: partenze ore 09:05 e 14:45 ;\u00a0Porto Recanati\/Recanati: partenze ore 13:05 e 19:02","og_url":"http:\/\/www.contrammobilita.it\/index.php\/corsa-estiva-porto-recanati-recanati\/","og_site_name":"Contram Mobilit\u00e0","article_published_time":"2019-07-17T09:41:59+00:00","author":"Valentina Gagliardi","twitter_misc":{"Scritto da":"Valentina Gagliardi"},"schema":{"@context":"https:\/\/schema.org","@graph":[{"@type":"Article","@id":"http:\/\/www.contrammobilita.it\/index.php\/corsa-estiva-porto-recanati-recanati\/#article","isPartOf":{"@id":"http:\/\/www.contrammobilita.it\/index.php\/corsa-estiva-porto-recanati-recanati\/"},"author":{"name":"Valentina Gagliardi","@id":"http:\/\/www.contrammobilita.it\/#\/schema\/person\/7c10c6f648ce15ccf6a1b2311ecad6ac"},"headline":"Corsa Estiva Porto Recanati &#8211; Recanati","datePublished":"2019-07-17T09:41:59+00:00","mainEntityOfPage":{"@id":"http:\/\/www.contrammobilita.it\/index.php\/corsa-estiva-porto-recanati-recanati\/"},"wordCount":55,"commentCount":0,"articleSection":["Avvisi"],"inLanguage":"it-IT","potentialAction":[{"@type":"CommentAction","name":"Comment","target":["http:\/\/www.contrammobilita.it\/index.php\/corsa-estiva-porto-recanati-recanati\/#respond"]}]},{"@type":"WebPage","@id":"http:\/\/www.contrammobilita.it\/index.php\/corsa-estiva-porto-recanati-recanati\/","url":"http:\/\/www.contrammobilita.it\/index.php\/corsa-estiva-porto-recanati-recanati\/","name":"Corsa Estiva Porto Recanati - Recanati - Contram Mobilit\u00e0","isPartOf":{"@id":"http:\/\/www.contrammobilita.it\/#website"},"datePublished":"2019-07-17T09:41:59+00:00","author":{"@id":"http:\/\/www.contrammobilita.it\/#\/schema\/person\/7c10c6f648ce15ccf6a1b2311ecad6ac"},"breadcrumb":{"@id":"http:\/\/www.contrammobilita.it\/index.php\/corsa-estiva-porto-recanati-recanati\/#breadcrumb"},"inLanguage":"it-IT","potentialAction":[{"@type":"ReadAction","target":["http:\/\/www.contrammobilita.it\/index.php\/corsa-estiva-porto-recanati-recanati\/"]}]},{"@type":"BreadcrumbList","@id":"http:\/\/www.contrammobilita.it\/index.php\/corsa-estiva-porto-recanati-recanati\/#breadcrumb","itemListElement":[{"@type":"ListItem","position":1,"name":"Home","item":"https:\/\/www.contrammobilita.it\/"},{"@type":"ListItem","position":2,"name":"Corsa Estiva Porto Recanati &#8211; Recanati"}]},{"@type":"WebSite","@id":"http:\/\/www.contrammobilita.it\/#website","url":"http:\/\/www.contrammobilita.it\/","name":"Contram Mobilit\u00e0","description":"Societ\u00e0 di gestione del TPL extraurbano della provincia di Macerata","potentialAction":[{"@type":"SearchAction","target":{"@type":"EntryPoint","urlTemplate":"http:\/\/www.contrammobilita.it\/?s={search_term_string}"},"query-input":{"@type":"PropertyValueSpecification","valueRequired":true,"valueName":"search_term_string"}}],"inLanguage":"it-IT"},{"@type":"Person","@id":"http:\/\/www.contrammobilita.it\/#\/schema\/person\/7c10c6f648ce15ccf6a1b2311ecad6ac","name":"Valentina Gagliardi","image":{"@type":"ImageObject","inLanguage":"it-IT","@id":"https:\/\/secure.gravatar.com\/avatar\/cad1aa0ab146a896f264bf45f8aab2c60955c1b118c257d376b243975c115e22?s=96&d=mm&r=g","url":"https:\/\/secure.gravatar.com\/avatar\/cad1aa0ab146a896f264bf45f8aab2c60955c1b118c257d376b243975c115e22?s=96&d=mm&r=g","contentUrl":"https:\/\/secure.gravatar.com\/avatar\/cad1aa0ab146a896f264bf45f8aab2c60955c1b118c257d376b243975c115e22?s=96&d=mm&r=g","caption":"Valentina Gagliardi"},"sameAs":["http:\/\/www.contrammobilita.it"],"url":"https:\/\/www.contrammobilita.it\/index.php\/author\/valentina\/"}]}},"publishpress_future_action":{"enabled":false,"date":"2026-05-04 16:43:48","action":"change-status","newStatus":"draft","terms":[],"taxonomy":"category","extraData":[]},"publishpress_future_workflow_manual_trigger":{"enabledWorkflows":[]},"_links":{"self":[{"href":"https:\/\/www.contrammobilita.it\/index.php\/wp-json\/wp\/v2\/posts\/1476","targetHints":{"allow":["GET"]}}],"collection":[{"href":"https:\/\/www.contrammobilita.it\/index.php\/wp-json\/wp\/v2\/posts"}],"about":[{"href":"https:\/\/www.contrammobilita.it\/index.php\/wp-json\/wp\/v2\/types\/post"}],"author":[{"embeddable":true,"href":"https:\/\/www.contrammobilita.it\/index.php\/wp-json\/wp\/v2\/users\/3"}],"replies":[{"embeddable":true,"href":"https:\/\/www.contrammobilita.it\/index.php\/wp-json\/wp\/v2\/comments?post=1476"}],"version-history":[{"count":1,"href":"https:\/\/www.contrammobilita.it\/index.php\/wp-json\/wp\/v2\/posts\/1476\/revisions"}],"predecessor-version":[{"id":1477,"href":"https:\/\/www.contrammobilita.it\/index.php\/wp-json\/wp\/v2\/posts\/1476\/revisions\/1477"}],"wp:attachment":[{"href":"https:\/\/www.contrammobilita.it\/index.php\/wp-json\/wp\/v2\/media?parent=1476"}],"wp:term":[{"taxonomy":"category","embeddable":true,"href":"https:\/\/www.contrammobilita.it\/index.php\/wp-json\/wp\/v2\/categories?post=1476"},{"taxonomy":"post_tag","embeddable":true,"href":"https:\/\/www.contrammobilita.it\/index.php\/wp-json\/wp\/v2\/tags?post=1476"}],"curies":[{"name":"wp","href":"https:\/\/api.w.org\/{rel}","templated":true}]}}