{"id":3639,"date":"2025-06-12T10:58:43","date_gmt":"2025-06-12T08:58:43","guid":{"rendered":"https:\/\/www.contrammobilita.it\/?p=3639"},"modified":"2025-07-10T09:39:12","modified_gmt":"2025-07-10T07:39:12","slug":"navette-fioritura-castelluccio-giugno-luglio-2025","status":"publish","type":"post","link":"https:\/\/www.contrammobilita.it\/index.php\/navette-fioritura-castelluccio-giugno-luglio-2025\/","title":{"rendered":"NAVETTE FIORITURA CASTELLUCCIO giugno luglio 2025"},"content":{"rendered":"<p><span style=\"color: #000000;\"><strong>NAVETTE FIORITURA CASTELLUCCIO 21\/22, 28\/29 giugno, 5\/6 e 12\/13 luglio 2025<\/strong><\/span><\/p>\n<p><em><span style=\"color: #ff0000;\"><strong>Avviso del 09\/07\/2025: a seguito di nuove disposizioni da parte degli Enti preposti, i servizi di trasporto per la Fioritura sono sospesi per il weekend 12\/13 luglio 2025<\/strong><\/span><\/em><\/p>\n<p><a href=\"https:\/\/www.contrammobilita.it\/wp-content\/uploads\/2025\/06\/volantino-navette-contram-2025.pdf\"><span style=\"color: #000000;\"><strong>Scarica il d\u00e9pliant informativo<\/strong><\/span><\/a><\/p>\n<p><span style=\"color: #000000;\">Attivo un servizio di\u00a0 bus navetta dal parcheggio di Monte Prata (Comune di Castelsantangelo sul Nera). La navetta Contram sar\u00e0 attiva nei giorni indicati dalle 9:00 alle 18:00. La navetta \u00e8 una circolare e effettuer\u00e0 partenze ogni ora circa dal Parcheggio di Monte Prata fino all\u2019incrocio con la strada per Forca di Presta sulla Piana Grande con fermata a Castelluccio paese. Attenzione: gli orarie la frequenza potrebbero subire variazioni in relazione all\u2019afflusso di utenti; la sosta al parcheggio di Monte Prata \u00e8 libera.<\/span><\/p>\n<p><span style=\"color: #000000;\"> I biglietti\u00a0 devono essere acquistati<strong> ON \u2013 LINE sul sito <a href=\"https:\/\/marcheroma.contram.it\/home\/index\">marcheroma.contram.it<\/a><\/strong> . Il biglietto \u00e8 unico e comprende servizio di navetta andata\/ritorno ed ha il costo di 4,00 euro. (per prenotare selezionare il parcheggio di prossimit\u00e0 desiderato, <em>inserire\u00a0Parcheggio\u00a0nella casella\u00a0Da, e\u00a0Castelluccio\u00a0nella casella\u00a0A<\/em>, quindi scegliere la data del viaggio e il numero di persone (ATTENZIONE: lasciare la casella Ritorno vuota) .)<\/span><\/p>\n<p><span style=\"color: #000000;\">FERMATE: \u2013 parcheggio Monte Prata \u2013 Castelluccio paese \u2013 area food Deltaplano \u2013 incrocio strada di Forca di Presta e SP477 -Itala, passeggiata Fioritura \u2013 incrocio Sibillini Ranch<\/span><\/p>\n<p><span style=\"color: #000000;\">Il servizio navetta \u00e8 garantito fino ad esaurimento dei posti a bordo dei mezzi\u00a0<\/span><\/p>\n<p><span style=\"color: #000000;\">\u2013<\/span><\/p>\n<p><span style=\"color: #000000;\"><strong>BUS DA VISSO A CASTELLUCCIO 22, 29 giugno, 6 e 13 luglio2025<\/strong><\/span><\/p>\n<p><span style=\"color: #000000;\">Oltre alla navetta sar\u00e0 attivato un ulteriore servizio di collegamento dal Comune di Visso con partenza alle ore 9:00 e rientro con partenza dal parcheggio Monte Prata alle ore 17:00. I biglietti devono essere acquistati ON \u2013 LINE sul sito marcheroma.contram.it Il biglietto \u00e8 unico e comprende servizio andata\/ritorno da Visso ed ha il costo di 6,00 euro.<\/span><\/p>\n<p><span style=\"color: #000000;\">FERMATE: \u2013 PIEVETORINA fermata bus (Carabinieri) \u2013 VISSO area commerciale (ex Park Hotel) \u2013 VISSO Poste (incrocio via C. Battisti\/SP209 \u2013 CASTELSANTANGELO SUL NERA, fermata SAE \u201ddal Navigante\u201d \u2013 CASTELLUCCIO DI NORCIA incrocio tra la strada di Forca di Presta SP477<\/span><\/p>\n<p><span style=\"color: #000000;\"><strong>COME SI COMPRA UN BIGLIETTO:<\/strong><\/span><\/p>\n<p><span style=\"color: #000000;\">vai su\u00a0<a style=\"color: #000000;\" href=\"https:\/\/marcheroma.contram.it\/home\/index\">marcheroma.contram.it<\/a>, scegli la fermata di partenza e arrivo (Parcheggio Monte Prata -&gt; Castelluccio, Visso -&gt; Castelluccio), indica la data, scegli il numero di passeggeri e prosegui. I biglietti sono unici e comprendono sia andata che ritorno. E\u2019 possibile trasportare sia bagagli che biciclette pagando il biglietto. I bambini pagano regolare tariffa. Il passeggero pu\u00f2 portare con s\u00e9, previo acquisto di un ulteriore biglietto, nei limiti consentiti dalle norme vigenti, un animale di piccola\/medio-piccola taglia purch\u00e9 questo non arrechi molestia agli altri passeggeri e\/o procuri danno al mezzo e\/o alle cose trasportate. Si acquista solamente ONLINE. E\u2019 possibile acquistare biglietti last minute sul posto, ma sempre e solo ON LINE tramite lo stesso portale, fino ad esaurimento posti disponibili. I biglietti non sono rimborsabili.<\/span><\/p>\n<p><span style=\"color: #000000;\">(DGR\u00a0 1899\/2023 \u2013 Bando pubblico per la concessione di contributi a favore dei Comuni e Unioni di Comuni marchigiani per l\u2019attuazine di progetti finalizzati a incentivare il trasposto collettivo di persone in occasione di eventi \/ situazioni o periodi particolari )<\/span><\/p>\n","protected":false},"excerpt":{"rendered":"<p>NAVETTE FIORITURA CASTELLUCCIO 21\/22, 28\/29 giugno, 5\/6 e 12\/13 luglio 2025 Avviso del 09\/07\/2025: a seguito di nuove disposizioni da parte degli Enti preposti, i servizi di trasporto per la Fioritura sono sospesi per il weekend 12\/13 luglio 2025 Scarica il d\u00e9pliant informativo Attivo un servizio di\u00a0 bus navetta dal parcheggio di Monte Prata (Comune  [&#8230;]<\/p>\n","protected":false},"author":3,"featured_media":0,"comment_status":"closed","ping_status":"closed","sticky":false,"template":"","format":"standard","meta":{"footnotes":""},"categories":[1],"tags":[],"class_list":["post-3639","post","type-post","status-publish","format-standard","hentry","category-avvisi"],"yoast_head":"<!-- This site is optimized with the Yoast SEO plugin v27.2 - https:\/\/yoast.com\/product\/yoast-seo-wordpress\/ -->\n<title>NAVETTE FIORITURA CASTELLUCCIO giugno luglio 2025 - Contram Mobilit\u00e0<\/title>\n<meta name=\"robots\" content=\"index, follow, max-snippet:-1, max-image-preview:large, max-video-preview:-1\" \/>\n<link rel=\"canonical\" href=\"https:\/\/www.contrammobilita.it\/index.php\/navette-fioritura-castelluccio-giugno-luglio-2025\/\" \/>\n<meta property=\"og:locale\" content=\"it_IT\" \/>\n<meta property=\"og:type\" content=\"article\" \/>\n<meta property=\"og:title\" content=\"NAVETTE FIORITURA CASTELLUCCIO giugno luglio 2025 - Contram Mobilit\u00e0\" \/>\n<meta property=\"og:description\" content=\"NAVETTE FIORITURA CASTELLUCCIO 21\/22, 28\/29 giugno, 5\/6 e 12\/13 luglio 2025 Avviso del 09\/07\/2025: a seguito di nuove disposizioni da parte degli Enti preposti, i servizi di trasporto per la Fioritura sono sospesi per il weekend 12\/13 luglio 2025 Scarica il d\u00e9pliant informativo Attivo un servizio di\u00a0 bus navetta dal parcheggio di Monte Prata (Comune [...]\" \/>\n<meta property=\"og:url\" content=\"https:\/\/www.contrammobilita.it\/index.php\/navette-fioritura-castelluccio-giugno-luglio-2025\/\" \/>\n<meta property=\"og:site_name\" content=\"Contram Mobilit\u00e0\" \/>\n<meta property=\"article:published_time\" content=\"2025-06-12T08:58:43+00:00\" \/>\n<meta property=\"article:modified_time\" content=\"2025-07-10T07:39:12+00:00\" \/>\n<meta name=\"author\" content=\"Valentina Gagliardi\" \/>\n<meta name=\"twitter:label1\" content=\"Scritto da\" \/>\n\t<meta name=\"twitter:data1\" content=\"Valentina Gagliardi\" \/>\n\t<meta name=\"twitter:label2\" content=\"Tempo di lettura stimato\" \/>\n\t<meta name=\"twitter:data2\" content=\"3 minuti\" \/>\n<script type=\"application\/ld+json\" class=\"yoast-schema-graph\">{\"@context\":\"https:\/\/schema.org\",\"@graph\":[{\"@type\":\"Article\",\"@id\":\"https:\/\/www.contrammobilita.it\/index.php\/navette-fioritura-castelluccio-giugno-luglio-2025\/#article\",\"isPartOf\":{\"@id\":\"https:\/\/www.contrammobilita.it\/index.php\/navette-fioritura-castelluccio-giugno-luglio-2025\/\"},\"author\":{\"name\":\"Valentina Gagliardi\",\"@id\":\"http:\/\/www.contrammobilita.it\/#\/schema\/person\/7c10c6f648ce15ccf6a1b2311ecad6ac\"},\"headline\":\"NAVETTE FIORITURA CASTELLUCCIO giugno luglio 2025\",\"datePublished\":\"2025-06-12T08:58:43+00:00\",\"dateModified\":\"2025-07-10T07:39:12+00:00\",\"mainEntityOfPage\":{\"@id\":\"https:\/\/www.contrammobilita.it\/index.php\/navette-fioritura-castelluccio-giugno-luglio-2025\/\"},\"wordCount\":497,\"articleSection\":[\"Avvisi\"],\"inLanguage\":\"it-IT\"},{\"@type\":\"WebPage\",\"@id\":\"https:\/\/www.contrammobilita.it\/index.php\/navette-fioritura-castelluccio-giugno-luglio-2025\/\",\"url\":\"https:\/\/www.contrammobilita.it\/index.php\/navette-fioritura-castelluccio-giugno-luglio-2025\/\",\"name\":\"NAVETTE FIORITURA CASTELLUCCIO giugno luglio 2025 - Contram Mobilit\u00e0\",\"isPartOf\":{\"@id\":\"http:\/\/www.contrammobilita.it\/#website\"},\"datePublished\":\"2025-06-12T08:58:43+00:00\",\"dateModified\":\"2025-07-10T07:39:12+00:00\",\"author\":{\"@id\":\"http:\/\/www.contrammobilita.it\/#\/schema\/person\/7c10c6f648ce15ccf6a1b2311ecad6ac\"},\"breadcrumb\":{\"@id\":\"https:\/\/www.contrammobilita.it\/index.php\/navette-fioritura-castelluccio-giugno-luglio-2025\/#breadcrumb\"},\"inLanguage\":\"it-IT\",\"potentialAction\":[{\"@type\":\"ReadAction\",\"target\":[\"https:\/\/www.contrammobilita.it\/index.php\/navette-fioritura-castelluccio-giugno-luglio-2025\/\"]}]},{\"@type\":\"BreadcrumbList\",\"@id\":\"https:\/\/www.contrammobilita.it\/index.php\/navette-fioritura-castelluccio-giugno-luglio-2025\/#breadcrumb\",\"itemListElement\":[{\"@type\":\"ListItem\",\"position\":1,\"name\":\"Home\",\"item\":\"https:\/\/www.contrammobilita.it\/\"},{\"@type\":\"ListItem\",\"position\":2,\"name\":\"NAVETTE FIORITURA CASTELLUCCIO giugno luglio 2025\"}]},{\"@type\":\"WebSite\",\"@id\":\"http:\/\/www.contrammobilita.it\/#website\",\"url\":\"http:\/\/www.contrammobilita.it\/\",\"name\":\"Contram Mobilit\u00e0\",\"description\":\"Societ\u00e0 di gestione del TPL extraurbano della provincia di Macerata\",\"potentialAction\":[{\"@type\":\"SearchAction\",\"target\":{\"@type\":\"EntryPoint\",\"urlTemplate\":\"http:\/\/www.contrammobilita.it\/?s={search_term_string}\"},\"query-input\":{\"@type\":\"PropertyValueSpecification\",\"valueRequired\":true,\"valueName\":\"search_term_string\"}}],\"inLanguage\":\"it-IT\"},{\"@type\":\"Person\",\"@id\":\"http:\/\/www.contrammobilita.it\/#\/schema\/person\/7c10c6f648ce15ccf6a1b2311ecad6ac\",\"name\":\"Valentina Gagliardi\",\"image\":{\"@type\":\"ImageObject\",\"inLanguage\":\"it-IT\",\"@id\":\"https:\/\/secure.gravatar.com\/avatar\/cad1aa0ab146a896f264bf45f8aab2c60955c1b118c257d376b243975c115e22?s=96&d=mm&r=g\",\"url\":\"https:\/\/secure.gravatar.com\/avatar\/cad1aa0ab146a896f264bf45f8aab2c60955c1b118c257d376b243975c115e22?s=96&d=mm&r=g\",\"contentUrl\":\"https:\/\/secure.gravatar.com\/avatar\/cad1aa0ab146a896f264bf45f8aab2c60955c1b118c257d376b243975c115e22?s=96&d=mm&r=g\",\"caption\":\"Valentina Gagliardi\"},\"sameAs\":[\"http:\/\/www.contrammobilita.it\"],\"url\":\"https:\/\/www.contrammobilita.it\/index.php\/author\/valentina\/\"}]}<\/script>\n<!-- \/ Yoast SEO plugin. -->","yoast_head_json":{"title":"NAVETTE FIORITURA CASTELLUCCIO giugno luglio 2025 - Contram Mobilit\u00e0","robots":{"index":"index","follow":"follow","max-snippet":"max-snippet:-1","max-image-preview":"max-image-preview:large","max-video-preview":"max-video-preview:-1"},"canonical":"https:\/\/www.contrammobilita.it\/index.php\/navette-fioritura-castelluccio-giugno-luglio-2025\/","og_locale":"it_IT","og_type":"article","og_title":"NAVETTE FIORITURA CASTELLUCCIO giugno luglio 2025 - Contram Mobilit\u00e0","og_description":"NAVETTE FIORITURA CASTELLUCCIO 21\/22, 28\/29 giugno, 5\/6 e 12\/13 luglio 2025 Avviso del 09\/07\/2025: a seguito di nuove disposizioni da parte degli Enti preposti, i servizi di trasporto per la Fioritura sono sospesi per il weekend 12\/13 luglio 2025 Scarica il d\u00e9pliant informativo Attivo un servizio di\u00a0 bus navetta dal parcheggio di Monte Prata (Comune [...]","og_url":"https:\/\/www.contrammobilita.it\/index.php\/navette-fioritura-castelluccio-giugno-luglio-2025\/","og_site_name":"Contram Mobilit\u00e0","article_published_time":"2025-06-12T08:58:43+00:00","article_modified_time":"2025-07-10T07:39:12+00:00","author":"Valentina Gagliardi","twitter_misc":{"Scritto da":"Valentina Gagliardi","Tempo di lettura stimato":"3 minuti"},"schema":{"@context":"https:\/\/schema.org","@graph":[{"@type":"Article","@id":"https:\/\/www.contrammobilita.it\/index.php\/navette-fioritura-castelluccio-giugno-luglio-2025\/#article","isPartOf":{"@id":"https:\/\/www.contrammobilita.it\/index.php\/navette-fioritura-castelluccio-giugno-luglio-2025\/"},"author":{"name":"Valentina Gagliardi","@id":"http:\/\/www.contrammobilita.it\/#\/schema\/person\/7c10c6f648ce15ccf6a1b2311ecad6ac"},"headline":"NAVETTE FIORITURA CASTELLUCCIO giugno luglio 2025","datePublished":"2025-06-12T08:58:43+00:00","dateModified":"2025-07-10T07:39:12+00:00","mainEntityOfPage":{"@id":"https:\/\/www.contrammobilita.it\/index.php\/navette-fioritura-castelluccio-giugno-luglio-2025\/"},"wordCount":497,"articleSection":["Avvisi"],"inLanguage":"it-IT"},{"@type":"WebPage","@id":"https:\/\/www.contrammobilita.it\/index.php\/navette-fioritura-castelluccio-giugno-luglio-2025\/","url":"https:\/\/www.contrammobilita.it\/index.php\/navette-fioritura-castelluccio-giugno-luglio-2025\/","name":"NAVETTE FIORITURA CASTELLUCCIO giugno luglio 2025 - Contram Mobilit\u00e0","isPartOf":{"@id":"http:\/\/www.contrammobilita.it\/#website"},"datePublished":"2025-06-12T08:58:43+00:00","dateModified":"2025-07-10T07:39:12+00:00","author":{"@id":"http:\/\/www.contrammobilita.it\/#\/schema\/person\/7c10c6f648ce15ccf6a1b2311ecad6ac"},"breadcrumb":{"@id":"https:\/\/www.contrammobilita.it\/index.php\/navette-fioritura-castelluccio-giugno-luglio-2025\/#breadcrumb"},"inLanguage":"it-IT","potentialAction":[{"@type":"ReadAction","target":["https:\/\/www.contrammobilita.it\/index.php\/navette-fioritura-castelluccio-giugno-luglio-2025\/"]}]},{"@type":"BreadcrumbList","@id":"https:\/\/www.contrammobilita.it\/index.php\/navette-fioritura-castelluccio-giugno-luglio-2025\/#breadcrumb","itemListElement":[{"@type":"ListItem","position":1,"name":"Home","item":"https:\/\/www.contrammobilita.it\/"},{"@type":"ListItem","position":2,"name":"NAVETTE FIORITURA CASTELLUCCIO giugno luglio 2025"}]},{"@type":"WebSite","@id":"http:\/\/www.contrammobilita.it\/#website","url":"http:\/\/www.contrammobilita.it\/","name":"Contram Mobilit\u00e0","description":"Societ\u00e0 di gestione del TPL extraurbano della provincia di Macerata","potentialAction":[{"@type":"SearchAction","target":{"@type":"EntryPoint","urlTemplate":"http:\/\/www.contrammobilita.it\/?s={search_term_string}"},"query-input":{"@type":"PropertyValueSpecification","valueRequired":true,"valueName":"search_term_string"}}],"inLanguage":"it-IT"},{"@type":"Person","@id":"http:\/\/www.contrammobilita.it\/#\/schema\/person\/7c10c6f648ce15ccf6a1b2311ecad6ac","name":"Valentina Gagliardi","image":{"@type":"ImageObject","inLanguage":"it-IT","@id":"https:\/\/secure.gravatar.com\/avatar\/cad1aa0ab146a896f264bf45f8aab2c60955c1b118c257d376b243975c115e22?s=96&d=mm&r=g","url":"https:\/\/secure.gravatar.com\/avatar\/cad1aa0ab146a896f264bf45f8aab2c60955c1b118c257d376b243975c115e22?s=96&d=mm&r=g","contentUrl":"https:\/\/secure.gravatar.com\/avatar\/cad1aa0ab146a896f264bf45f8aab2c60955c1b118c257d376b243975c115e22?s=96&d=mm&r=g","caption":"Valentina Gagliardi"},"sameAs":["http:\/\/www.contrammobilita.it"],"url":"https:\/\/www.contrammobilita.it\/index.php\/author\/valentina\/"}]}},"publishpress_future_action":{"enabled":false,"date":"2026-05-03 19:32:15","action":"change-status","newStatus":"draft","terms":[],"taxonomy":"category","extraData":[]},"publishpress_future_workflow_manual_trigger":{"enabledWorkflows":[]},"_links":{"self":[{"href":"https:\/\/www.contrammobilita.it\/index.php\/wp-json\/wp\/v2\/posts\/3639","targetHints":{"allow":["GET"]}}],"collection":[{"href":"https:\/\/www.contrammobilita.it\/index.php\/wp-json\/wp\/v2\/posts"}],"about":[{"href":"https:\/\/www.contrammobilita.it\/index.php\/wp-json\/wp\/v2\/types\/post"}],"author":[{"embeddable":true,"href":"https:\/\/www.contrammobilita.it\/index.php\/wp-json\/wp\/v2\/users\/3"}],"replies":[{"embeddable":true,"href":"https:\/\/www.contrammobilita.it\/index.php\/wp-json\/wp\/v2\/comments?post=3639"}],"version-history":[{"count":5,"href":"https:\/\/www.contrammobilita.it\/index.php\/wp-json\/wp\/v2\/posts\/3639\/revisions"}],"predecessor-version":[{"id":3675,"href":"https:\/\/www.contrammobilita.it\/index.php\/wp-json\/wp\/v2\/posts\/3639\/revisions\/3675"}],"wp:attachment":[{"href":"https:\/\/www.contrammobilita.it\/index.php\/wp-json\/wp\/v2\/media?parent=3639"}],"wp:term":[{"taxonomy":"category","embeddable":true,"href":"https:\/\/www.contrammobilita.it\/index.php\/wp-json\/wp\/v2\/categories?post=3639"},{"taxonomy":"post_tag","embeddable":true,"href":"https:\/\/www.contrammobilita.it\/index.php\/wp-json\/wp\/v2\/tags?post=3639"}],"curies":[{"name":"wp","href":"https:\/\/api.w.org\/{rel}","templated":true}]}}