{"id":870,"date":"2016-09-05T17:03:35","date_gmt":"2016-09-05T15:03:35","guid":{"rendered":"http:\/\/www.contrammobilita.it\/?p=870"},"modified":"2016-09-05T17:39:46","modified_gmt":"2016-09-05T15:39:46","slug":"cingoli-polo-scolastico","status":"publish","type":"post","link":"https:\/\/www.contrammobilita.it\/index.php\/cingoli-polo-scolastico\/","title":{"rendered":"Cingoli &#8211; nuovo polo scolastico"},"content":{"rendered":"<p dir=\"auto\">Dal 15 settembre sar\u00e0 attivo un nuovo servizio di linea per raggiungere il polo scolastico di Cingoli che interesser\u00e0 le seguenti localit\u00e0:\u00a0Andata -frequenza scolastica- da luned\u00ec a sabato: MOIE Via A.Manzoni (6.45), BORGO LORETO (6.49), MACINE (6.51), ANGELI (6.55), SERRA S.Q. STAZ. (7.01), POGGIO CUPRO (7.13), CUPRAMONTANA (7.18), CINGOLI (7.50); Ritorno -frequenza scolastica- da luned\u00ec a sabato: CINGOLI (13.30), CUPRAMONTANA (14.02), POGGIO CUPRO (14.07), SERRA S.Q. STAZ. (14.19), ANGELI (14.25), MACINE (14.29), BORGO LORETO (14.31), MOIE Via A.Manzoni (14.35); Ritorno -frequenza scolastica- da luned\u00ec a venerd\u00ec: CINGOLI (16.10), CUPRAMONTANA (16.42), POGGIO CUPRO (16.47), SERRA S.Q. STAZ. (16.59), ANGELI (17.05), MACINE (17.09), BORGO LORETO (17.11), MOIE Via A.Manzoni (17.15).<\/p>\n","protected":false},"excerpt":{"rendered":"<p>Dal 15 settembre sar\u00e0 attivo un nuovo servizio di linea per raggiungere il polo scolastico di Cingoli che interesser\u00e0 le seguenti localit\u00e0:\u00a0Andata -frequenza scolastica- da luned\u00ec a sabato: MOIE Via A.Manzoni (6.45), BORGO LORETO (6.49), MACINE (6.51), ANGELI (6.55), SERRA S.Q. STAZ. (7.01), POGGIO CUPRO (7.13), CUPRAMONTANA (7.18), CINGOLI (7.50); Ritorno -frequenza scolastica- da luned\u00ec  [&#8230;]<\/p>\n","protected":false},"author":3,"featured_media":873,"comment_status":"open","ping_status":"open","sticky":false,"template":"","format":"standard","meta":{"footnotes":""},"categories":[1],"tags":[],"class_list":["post-870","post","type-post","status-publish","format-standard","has-post-thumbnail","hentry","category-avvisi"],"yoast_head":"<!-- This site is optimized with the Yoast SEO plugin v27.2 - https:\/\/yoast.com\/product\/yoast-seo-wordpress\/ -->\n<title>Cingoli - nuovo polo scolastico - Contram Mobilit\u00e0<\/title>\n<meta name=\"robots\" content=\"index, follow, max-snippet:-1, max-image-preview:large, max-video-preview:-1\" \/>\n<link rel=\"canonical\" href=\"http:\/\/www.contrammobilita.it\/index.php\/cingoli-polo-scolastico\/\" \/>\n<meta property=\"og:locale\" content=\"it_IT\" \/>\n<meta property=\"og:type\" content=\"article\" \/>\n<meta property=\"og:title\" content=\"Cingoli - nuovo polo scolastico - Contram Mobilit\u00e0\" \/>\n<meta property=\"og:description\" content=\"Dal 15 settembre sar\u00e0 attivo un nuovo servizio di linea per raggiungere il polo scolastico di Cingoli che interesser\u00e0 le seguenti localit\u00e0:\u00a0Andata -frequenza scolastica- da luned\u00ec a sabato: MOIE Via A.Manzoni (6.45), BORGO LORETO (6.49), MACINE (6.51), ANGELI (6.55), SERRA S.Q. STAZ. (7.01), POGGIO CUPRO (7.13), CUPRAMONTANA (7.18), CINGOLI (7.50); Ritorno -frequenza scolastica- da luned\u00ec [...]\" \/>\n<meta property=\"og:url\" content=\"http:\/\/www.contrammobilita.it\/index.php\/cingoli-polo-scolastico\/\" \/>\n<meta property=\"og:site_name\" content=\"Contram Mobilit\u00e0\" \/>\n<meta property=\"article:published_time\" content=\"2016-09-05T15:03:35+00:00\" \/>\n<meta property=\"article:modified_time\" content=\"2016-09-05T15:39:46+00:00\" \/>\n<meta property=\"og:image\" content=\"http:\/\/www.contrammobilita.it\/wp-content\/uploads\/2016\/09\/cingoli-viabilit\u00e0_1.jpg\" \/>\n\t<meta property=\"og:image:width\" content=\"880\" \/>\n\t<meta property=\"og:image:height\" content=\"360\" \/>\n\t<meta property=\"og:image:type\" content=\"image\/jpeg\" \/>\n<meta name=\"author\" content=\"Valentina Gagliardi\" \/>\n<meta name=\"twitter:label1\" content=\"Scritto da\" \/>\n\t<meta name=\"twitter:data1\" content=\"Valentina Gagliardi\" \/>\n<script type=\"application\/ld+json\" class=\"yoast-schema-graph\">{\"@context\":\"https:\/\/schema.org\",\"@graph\":[{\"@type\":\"Article\",\"@id\":\"http:\/\/www.contrammobilita.it\/index.php\/cingoli-polo-scolastico\/#article\",\"isPartOf\":{\"@id\":\"http:\/\/www.contrammobilita.it\/index.php\/cingoli-polo-scolastico\/\"},\"author\":{\"name\":\"Valentina Gagliardi\",\"@id\":\"http:\/\/www.contrammobilita.it\/#\/schema\/person\/7c10c6f648ce15ccf6a1b2311ecad6ac\"},\"headline\":\"Cingoli &#8211; nuovo polo scolastico\",\"datePublished\":\"2016-09-05T15:03:35+00:00\",\"dateModified\":\"2016-09-05T15:39:46+00:00\",\"mainEntityOfPage\":{\"@id\":\"http:\/\/www.contrammobilita.it\/index.php\/cingoli-polo-scolastico\/\"},\"wordCount\":95,\"commentCount\":0,\"image\":{\"@id\":\"http:\/\/www.contrammobilita.it\/index.php\/cingoli-polo-scolastico\/#primaryimage\"},\"thumbnailUrl\":\"https:\/\/www.contrammobilita.it\/wp-content\/uploads\/2016\/09\/cingoli-viabilit\u00e0_1.jpg\",\"articleSection\":[\"Avvisi\"],\"inLanguage\":\"it-IT\",\"potentialAction\":[{\"@type\":\"CommentAction\",\"name\":\"Comment\",\"target\":[\"http:\/\/www.contrammobilita.it\/index.php\/cingoli-polo-scolastico\/#respond\"]}]},{\"@type\":\"WebPage\",\"@id\":\"http:\/\/www.contrammobilita.it\/index.php\/cingoli-polo-scolastico\/\",\"url\":\"http:\/\/www.contrammobilita.it\/index.php\/cingoli-polo-scolastico\/\",\"name\":\"Cingoli - nuovo polo scolastico - Contram Mobilit\u00e0\",\"isPartOf\":{\"@id\":\"http:\/\/www.contrammobilita.it\/#website\"},\"primaryImageOfPage\":{\"@id\":\"http:\/\/www.contrammobilita.it\/index.php\/cingoli-polo-scolastico\/#primaryimage\"},\"image\":{\"@id\":\"http:\/\/www.contrammobilita.it\/index.php\/cingoli-polo-scolastico\/#primaryimage\"},\"thumbnailUrl\":\"https:\/\/www.contrammobilita.it\/wp-content\/uploads\/2016\/09\/cingoli-viabilit\u00e0_1.jpg\",\"datePublished\":\"2016-09-05T15:03:35+00:00\",\"dateModified\":\"2016-09-05T15:39:46+00:00\",\"author\":{\"@id\":\"http:\/\/www.contrammobilita.it\/#\/schema\/person\/7c10c6f648ce15ccf6a1b2311ecad6ac\"},\"breadcrumb\":{\"@id\":\"http:\/\/www.contrammobilita.it\/index.php\/cingoli-polo-scolastico\/#breadcrumb\"},\"inLanguage\":\"it-IT\",\"potentialAction\":[{\"@type\":\"ReadAction\",\"target\":[\"http:\/\/www.contrammobilita.it\/index.php\/cingoli-polo-scolastico\/\"]}]},{\"@type\":\"ImageObject\",\"inLanguage\":\"it-IT\",\"@id\":\"http:\/\/www.contrammobilita.it\/index.php\/cingoli-polo-scolastico\/#primaryimage\",\"url\":\"https:\/\/www.contrammobilita.it\/wp-content\/uploads\/2016\/09\/cingoli-viabilit\u00e0_1.jpg\",\"contentUrl\":\"https:\/\/www.contrammobilita.it\/wp-content\/uploads\/2016\/09\/cingoli-viabilit\u00e0_1.jpg\",\"width\":880,\"height\":360},{\"@type\":\"BreadcrumbList\",\"@id\":\"http:\/\/www.contrammobilita.it\/index.php\/cingoli-polo-scolastico\/#breadcrumb\",\"itemListElement\":[{\"@type\":\"ListItem\",\"position\":1,\"name\":\"Home\",\"item\":\"https:\/\/www.contrammobilita.it\/\"},{\"@type\":\"ListItem\",\"position\":2,\"name\":\"Cingoli &#8211; nuovo polo scolastico\"}]},{\"@type\":\"WebSite\",\"@id\":\"http:\/\/www.contrammobilita.it\/#website\",\"url\":\"http:\/\/www.contrammobilita.it\/\",\"name\":\"Contram Mobilit\u00e0\",\"description\":\"Societ\u00e0 di gestione del TPL extraurbano della provincia di Macerata\",\"potentialAction\":[{\"@type\":\"SearchAction\",\"target\":{\"@type\":\"EntryPoint\",\"urlTemplate\":\"http:\/\/www.contrammobilita.it\/?s={search_term_string}\"},\"query-input\":{\"@type\":\"PropertyValueSpecification\",\"valueRequired\":true,\"valueName\":\"search_term_string\"}}],\"inLanguage\":\"it-IT\"},{\"@type\":\"Person\",\"@id\":\"http:\/\/www.contrammobilita.it\/#\/schema\/person\/7c10c6f648ce15ccf6a1b2311ecad6ac\",\"name\":\"Valentina Gagliardi\",\"image\":{\"@type\":\"ImageObject\",\"inLanguage\":\"it-IT\",\"@id\":\"https:\/\/secure.gravatar.com\/avatar\/cad1aa0ab146a896f264bf45f8aab2c60955c1b118c257d376b243975c115e22?s=96&d=mm&r=g\",\"url\":\"https:\/\/secure.gravatar.com\/avatar\/cad1aa0ab146a896f264bf45f8aab2c60955c1b118c257d376b243975c115e22?s=96&d=mm&r=g\",\"contentUrl\":\"https:\/\/secure.gravatar.com\/avatar\/cad1aa0ab146a896f264bf45f8aab2c60955c1b118c257d376b243975c115e22?s=96&d=mm&r=g\",\"caption\":\"Valentina Gagliardi\"},\"sameAs\":[\"http:\/\/www.contrammobilita.it\"],\"url\":\"https:\/\/www.contrammobilita.it\/index.php\/author\/valentina\/\"}]}<\/script>\n<!-- \/ Yoast SEO plugin. -->","yoast_head_json":{"title":"Cingoli - nuovo polo scolastico - Contram Mobilit\u00e0","robots":{"index":"index","follow":"follow","max-snippet":"max-snippet:-1","max-image-preview":"max-image-preview:large","max-video-preview":"max-video-preview:-1"},"canonical":"http:\/\/www.contrammobilita.it\/index.php\/cingoli-polo-scolastico\/","og_locale":"it_IT","og_type":"article","og_title":"Cingoli - nuovo polo scolastico - Contram Mobilit\u00e0","og_description":"Dal 15 settembre sar\u00e0 attivo un nuovo servizio di linea per raggiungere il polo scolastico di Cingoli che interesser\u00e0 le seguenti localit\u00e0:\u00a0Andata -frequenza scolastica- da luned\u00ec a sabato: MOIE Via A.Manzoni (6.45), BORGO LORETO (6.49), MACINE (6.51), ANGELI (6.55), SERRA S.Q. STAZ. (7.01), POGGIO CUPRO (7.13), CUPRAMONTANA (7.18), CINGOLI (7.50); Ritorno -frequenza scolastica- da luned\u00ec [...]","og_url":"http:\/\/www.contrammobilita.it\/index.php\/cingoli-polo-scolastico\/","og_site_name":"Contram Mobilit\u00e0","article_published_time":"2016-09-05T15:03:35+00:00","article_modified_time":"2016-09-05T15:39:46+00:00","og_image":[{"width":880,"height":360,"url":"http:\/\/www.contrammobilita.it\/wp-content\/uploads\/2016\/09\/cingoli-viabilit\u00e0_1.jpg","type":"image\/jpeg"}],"author":"Valentina Gagliardi","twitter_misc":{"Scritto da":"Valentina Gagliardi"},"schema":{"@context":"https:\/\/schema.org","@graph":[{"@type":"Article","@id":"http:\/\/www.contrammobilita.it\/index.php\/cingoli-polo-scolastico\/#article","isPartOf":{"@id":"http:\/\/www.contrammobilita.it\/index.php\/cingoli-polo-scolastico\/"},"author":{"name":"Valentina Gagliardi","@id":"http:\/\/www.contrammobilita.it\/#\/schema\/person\/7c10c6f648ce15ccf6a1b2311ecad6ac"},"headline":"Cingoli &#8211; nuovo polo scolastico","datePublished":"2016-09-05T15:03:35+00:00","dateModified":"2016-09-05T15:39:46+00:00","mainEntityOfPage":{"@id":"http:\/\/www.contrammobilita.it\/index.php\/cingoli-polo-scolastico\/"},"wordCount":95,"commentCount":0,"image":{"@id":"http:\/\/www.contrammobilita.it\/index.php\/cingoli-polo-scolastico\/#primaryimage"},"thumbnailUrl":"https:\/\/www.contrammobilita.it\/wp-content\/uploads\/2016\/09\/cingoli-viabilit\u00e0_1.jpg","articleSection":["Avvisi"],"inLanguage":"it-IT","potentialAction":[{"@type":"CommentAction","name":"Comment","target":["http:\/\/www.contrammobilita.it\/index.php\/cingoli-polo-scolastico\/#respond"]}]},{"@type":"WebPage","@id":"http:\/\/www.contrammobilita.it\/index.php\/cingoli-polo-scolastico\/","url":"http:\/\/www.contrammobilita.it\/index.php\/cingoli-polo-scolastico\/","name":"Cingoli - nuovo polo scolastico - Contram Mobilit\u00e0","isPartOf":{"@id":"http:\/\/www.contrammobilita.it\/#website"},"primaryImageOfPage":{"@id":"http:\/\/www.contrammobilita.it\/index.php\/cingoli-polo-scolastico\/#primaryimage"},"image":{"@id":"http:\/\/www.contrammobilita.it\/index.php\/cingoli-polo-scolastico\/#primaryimage"},"thumbnailUrl":"https:\/\/www.contrammobilita.it\/wp-content\/uploads\/2016\/09\/cingoli-viabilit\u00e0_1.jpg","datePublished":"2016-09-05T15:03:35+00:00","dateModified":"2016-09-05T15:39:46+00:00","author":{"@id":"http:\/\/www.contrammobilita.it\/#\/schema\/person\/7c10c6f648ce15ccf6a1b2311ecad6ac"},"breadcrumb":{"@id":"http:\/\/www.contrammobilita.it\/index.php\/cingoli-polo-scolastico\/#breadcrumb"},"inLanguage":"it-IT","potentialAction":[{"@type":"ReadAction","target":["http:\/\/www.contrammobilita.it\/index.php\/cingoli-polo-scolastico\/"]}]},{"@type":"ImageObject","inLanguage":"it-IT","@id":"http:\/\/www.contrammobilita.it\/index.php\/cingoli-polo-scolastico\/#primaryimage","url":"https:\/\/www.contrammobilita.it\/wp-content\/uploads\/2016\/09\/cingoli-viabilit\u00e0_1.jpg","contentUrl":"https:\/\/www.contrammobilita.it\/wp-content\/uploads\/2016\/09\/cingoli-viabilit\u00e0_1.jpg","width":880,"height":360},{"@type":"BreadcrumbList","@id":"http:\/\/www.contrammobilita.it\/index.php\/cingoli-polo-scolastico\/#breadcrumb","itemListElement":[{"@type":"ListItem","position":1,"name":"Home","item":"https:\/\/www.contrammobilita.it\/"},{"@type":"ListItem","position":2,"name":"Cingoli &#8211; nuovo polo scolastico"}]},{"@type":"WebSite","@id":"http:\/\/www.contrammobilita.it\/#website","url":"http:\/\/www.contrammobilita.it\/","name":"Contram Mobilit\u00e0","description":"Societ\u00e0 di gestione del TPL extraurbano della provincia di Macerata","potentialAction":[{"@type":"SearchAction","target":{"@type":"EntryPoint","urlTemplate":"http:\/\/www.contrammobilita.it\/?s={search_term_string}"},"query-input":{"@type":"PropertyValueSpecification","valueRequired":true,"valueName":"search_term_string"}}],"inLanguage":"it-IT"},{"@type":"Person","@id":"http:\/\/www.contrammobilita.it\/#\/schema\/person\/7c10c6f648ce15ccf6a1b2311ecad6ac","name":"Valentina Gagliardi","image":{"@type":"ImageObject","inLanguage":"it-IT","@id":"https:\/\/secure.gravatar.com\/avatar\/cad1aa0ab146a896f264bf45f8aab2c60955c1b118c257d376b243975c115e22?s=96&d=mm&r=g","url":"https:\/\/secure.gravatar.com\/avatar\/cad1aa0ab146a896f264bf45f8aab2c60955c1b118c257d376b243975c115e22?s=96&d=mm&r=g","contentUrl":"https:\/\/secure.gravatar.com\/avatar\/cad1aa0ab146a896f264bf45f8aab2c60955c1b118c257d376b243975c115e22?s=96&d=mm&r=g","caption":"Valentina Gagliardi"},"sameAs":["http:\/\/www.contrammobilita.it"],"url":"https:\/\/www.contrammobilita.it\/index.php\/author\/valentina\/"}]}},"publishpress_future_action":{"enabled":false,"date":"2026-05-04 19:18:20","action":"change-status","newStatus":"draft","terms":[],"taxonomy":"category","extraData":[]},"publishpress_future_workflow_manual_trigger":{"enabledWorkflows":[]},"_links":{"self":[{"href":"https:\/\/www.contrammobilita.it\/index.php\/wp-json\/wp\/v2\/posts\/870","targetHints":{"allow":["GET"]}}],"collection":[{"href":"https:\/\/www.contrammobilita.it\/index.php\/wp-json\/wp\/v2\/posts"}],"about":[{"href":"https:\/\/www.contrammobilita.it\/index.php\/wp-json\/wp\/v2\/types\/post"}],"author":[{"embeddable":true,"href":"https:\/\/www.contrammobilita.it\/index.php\/wp-json\/wp\/v2\/users\/3"}],"replies":[{"embeddable":true,"href":"https:\/\/www.contrammobilita.it\/index.php\/wp-json\/wp\/v2\/comments?post=870"}],"version-history":[{"count":2,"href":"https:\/\/www.contrammobilita.it\/index.php\/wp-json\/wp\/v2\/posts\/870\/revisions"}],"predecessor-version":[{"id":874,"href":"https:\/\/www.contrammobilita.it\/index.php\/wp-json\/wp\/v2\/posts\/870\/revisions\/874"}],"wp:featuredmedia":[{"embeddable":true,"href":"https:\/\/www.contrammobilita.it\/index.php\/wp-json\/wp\/v2\/media\/873"}],"wp:attachment":[{"href":"https:\/\/www.contrammobilita.it\/index.php\/wp-json\/wp\/v2\/media?parent=870"}],"wp:term":[{"taxonomy":"category","embeddable":true,"href":"https:\/\/www.contrammobilita.it\/index.php\/wp-json\/wp\/v2\/categories?post=870"},{"taxonomy":"post_tag","embeddable":true,"href":"https:\/\/www.contrammobilita.it\/index.php\/wp-json\/wp\/v2\/tags?post=870"}],"curies":[{"name":"wp","href":"https:\/\/api.w.org\/{rel}","templated":true}]}}